{"id":64,"date":"2023-04-27T16:25:48","date_gmt":"2023-04-27T16:25:48","guid":{"rendered":"https:\/\/oviedo.cnt.es\/?p=64"},"modified":"2023-04-27T20:59:40","modified_gmt":"2023-04-27T20:59:40","slug":"1o-mayo-2023-en-asturias","status":"publish","type":"post","link":"https:\/\/oviedo.cnt.es\/index.php\/2023\/04\/27\/1o-mayo-2023-en-asturias\/","title":{"rendered":"1\u00ba Mayo 2023 en Asturias"},"content":{"rendered":"\r\n<p>Como cada a\u00f1o, la CNT celebra el d\u00eda internacional del Trabajo.<\/p>\r\n\r\n\r\n\r\n<div class=\"wp-block-media-text alignwide has-media-on-the-right is-stacked-on-mobile is-vertically-aligned-center\">\r\n<div class=\"wp-block-media-text__content\">\r\n<p>En la lucha de los trabajadores por unas condiciones de vida dignas, se produjo un hito en el 1\u00ba de mayo de 1886, en Chicago, durante la <a href=\"https:\/\/www.cnt.es\/noticias\/el-origen-del-primero-de-mayo-un-dia-de-lucha-de-la-clase-obrera\/\" target=\"_blank\" rel=\"noreferrer noopener\">Huelga General por la jornada de 8 horas<\/a>. Tras fuertes enfrentamientos y represiones, con <strong>cientos de detenidos, 8 compa\u00f1eros anarquistas, &#8216;Los M\u00e1rtires de Chicago&#8217;, fueron condenados a muerte<\/strong> y asesinados por el estado en un proceso del todo irregular que le costar\u00eda el puesto al propio juez que les conden\u00f3. Finalmente, su sacrificio supuso la adopci\u00f3n de la jornada de 8h, a costa de su vida. Desde entonces el 1\u00ba Mayo es considerado Internacionalmente un d\u00eda de lucha y de recuerdo de todas aquellas ca\u00eddas en la lucha por los derechos colectivos.<\/p>\r\n\r\n\r\n\r\n<p>&nbsp;<\/p>\r\n<\/div>\r\n<figure class=\"wp-block-media-text__media\"><img loading=\"lazy\" decoding=\"async\" class=\"wp-image-66  aligncenter\" src=\"https:\/\/oviedo.cnt.es\/wp-content\/uploads\/2023\/04\/FuioMbxWcAEfRKk.jpeg\" alt=\"\" width=\"370\" height=\"517\" srcset=\"https:\/\/oviedo.cnt.es\/wp-content\/uploads\/2023\/04\/FuioMbxWcAEfRKk.jpeg 634w, https:\/\/oviedo.cnt.es\/wp-content\/uploads\/2023\/04\/FuioMbxWcAEfRKk-215x300.jpeg 215w\" sizes=\"auto, (max-width: 370px) 100vw, 370px\" \/><\/figure>\r\n<\/div>\r\n\r\n\r\n\r\n<p>La CNT en Asturias ha propuesto una serie de iniciativas a las que todo el mundo se puede sumar:<\/p>\r\n\r\n\r\n\r\n<p><strong>12h- MANIFESTACI\u00d3N. Desde la Sindical, Xix\u00f3n<\/strong><\/p>\r\n\r\n\r\n\r\n<p><strong>15h- Comida na Casa&#8217;l pueblo de Cand\u00e1s<\/strong><\/p>\r\n\r\n\r\n\r\n<p><strong>18:30h- Ofrenda nel prau del faru Candas<\/strong><\/p>\r\n\r\n\r\n\r\n<p>!An\u00edmate y Participa!<\/p>\r\n\r\n\r\n\r\n<p><span style=\"font-size: large;\">!Un Pueblo Insumisu pa un Mundu Llibre!<\/span><\/p>\r\n","protected":false},"excerpt":{"rendered":"<div class=\"mh-excerpt\"><p>Como cada a\u00f1o, la CNT celebra el d\u00eda internacional del Trabajo. En la lucha de los trabajadores por unas condiciones de vida dignas, se produjo <a class=\"mh-excerpt-more\" href=\"https:\/\/oviedo.cnt.es\/index.php\/2023\/04\/27\/1o-mayo-2023-en-asturias\/\" title=\"1\u00ba Mayo 2023 en Asturias\">[&#8230;]<\/a><\/p>\n<\/div>","protected":false},"author":1,"featured_media":71,"comment_status":"open","ping_status":"open","sticky":false,"template":"","format":"standard","meta":{"footnotes":""},"categories":[14,1],"tags":[11,13,12,9],"class_list":["post-64","post","type-post","status-publish","format-standard","has-post-thumbnail","hentry","category-manifestacion","category-sin-categoria","tag-1omayo","tag-actividades","tag-celebracion","tag-cnt"],"_links":{"self":[{"href":"https:\/\/oviedo.cnt.es\/index.php\/wp-json\/wp\/v2\/posts\/64","targetHints":{"allow":["GET"]}}],"collection":[{"href":"https:\/\/oviedo.cnt.es\/index.php\/wp-json\/wp\/v2\/posts"}],"about":[{"href":"https:\/\/oviedo.cnt.es\/index.php\/wp-json\/wp\/v2\/types\/post"}],"author":[{"embeddable":true,"href":"https:\/\/oviedo.cnt.es\/index.php\/wp-json\/wp\/v2\/users\/1"}],"replies":[{"embeddable":true,"href":"https:\/\/oviedo.cnt.es\/index.php\/wp-json\/wp\/v2\/comments?post=64"}],"version-history":[{"count":10,"href":"https:\/\/oviedo.cnt.es\/index.php\/wp-json\/wp\/v2\/posts\/64\/revisions"}],"predecessor-version":[{"id":77,"href":"https:\/\/oviedo.cnt.es\/index.php\/wp-json\/wp\/v2\/posts\/64\/revisions\/77"}],"wp:featuredmedia":[{"embeddable":true,"href":"https:\/\/oviedo.cnt.es\/index.php\/wp-json\/wp\/v2\/media\/71"}],"wp:attachment":[{"href":"https:\/\/oviedo.cnt.es\/index.php\/wp-json\/wp\/v2\/media?parent=64"}],"wp:term":[{"taxonomy":"category","embeddable":true,"href":"https:\/\/oviedo.cnt.es\/index.php\/wp-json\/wp\/v2\/categories?post=64"},{"taxonomy":"post_tag","embeddable":true,"href":"https:\/\/oviedo.cnt.es\/index.php\/wp-json\/wp\/v2\/tags?post=64"}],"curies":[{"name":"wp","href":"https:\/\/api.w.org\/{rel}","templated":true}]}}