{"id":501,"date":"2026-04-28T19:57:08","date_gmt":"2026-04-28T19:57:08","guid":{"rendered":"https:\/\/oviedo.cnt.es\/?p=501"},"modified":"2026-04-28T20:04:43","modified_gmt":"2026-04-28T20:04:43","slug":"el-no-a-las-guerras-cnt","status":"publish","type":"post","link":"https:\/\/oviedo.cnt.es\/index.php\/2026\/04\/28\/el-no-a-las-guerras-cnt\/","title":{"rendered":"EL \u201cNO A LAS GUERRAS\u201d &#8211; CNT"},"content":{"rendered":"<p align=\"JUSTIFY\">Porque no es solamente la guerra que plantearon los Estados sionistas de Estados Unidos e Israel contra Ir\u00e1n recientemente. En el mundo actualmente se desarrollan decenas de conflictos que podr\u00edamos llamar guerras, pero salimos a la calle precisamente hoy, no cuando estall\u00f3 la de Siria, no por el conflicto de Rojava ni el de Birmania y Tailandia, o el de \u00c1frica Central, o el Yemen, o Etiop\u00eda. No. Salimos hoy porque somos llamados a ello por quienes poco antes firmaron acuerdos para suministrar armas a pa\u00edses en guerra. Porque a alguien le conviene para obtener un posible r\u00e9dito electoral, no porque sea una denuncia sincera; porque esa misma vida que dicen proteger es puesta en juego cuando se fabrican artefactos dise\u00f1ados exclusivamente para la destrucci\u00f3n de la vida. No se puede construir un mundo seguro mientras se perfeccionan las herramientas para hacerlo inseguro, mientras se inunda de armamento avanzado regiones en conflicto. <strong>Mientras los muertos se produzcan a miles de kil\u00f3metros, \u00bfqu\u00e9 importa?<\/strong><\/p>\n<p align=\"JUSTIFY\"><img loading=\"lazy\" decoding=\"async\" class=\"alignnone size-medium wp-image-505\" src=\"https:\/\/oviedo.cnt.es\/wp-content\/uploads\/2026\/04\/NoALaGuerra-212x300.jpg\" alt=\"\" width=\"212\" height=\"300\" srcset=\"https:\/\/oviedo.cnt.es\/wp-content\/uploads\/2026\/04\/NoALaGuerra-212x300.jpg 212w, https:\/\/oviedo.cnt.es\/wp-content\/uploads\/2026\/04\/NoALaGuerra-724x1024.jpg 724w, https:\/\/oviedo.cnt.es\/wp-content\/uploads\/2026\/04\/NoALaGuerra-768x1086.jpg 768w, https:\/\/oviedo.cnt.es\/wp-content\/uploads\/2026\/04\/NoALaGuerra.jpg 842w\" sizes=\"auto, (max-width: 212px) 100vw, 212px\" \/>La guerra, en el siglo XXI, no es s\u00f3lo un fracaso de la pol\u00edtica, es un modelo de negocio. Existe un complejo industrial que depende de la conflictividad para mantener sus cotizaciones en bolsa. Esta es la doble moral de los mercaderes de muerte: cobrar por el arma y cobrar por la munici\u00f3n para, m\u00e1s tarde, cobrar por la reconstrucci\u00f3n de lo que el arma y su munici\u00f3n destruyeron. La paz no es rentable para quien vive de la guerra; por eso, <strong>la paz que nos ofrecen es siempre una \u00abpaz armada\u00bb, una tregua temporal mientras se recargan los ca\u00f1ones.<\/strong><\/p>\n<p align=\"JUSTIFY\">En su mendaz discurso nos dicen que las armas son necesarias para \u00abdisuadir\u00bb al enemigo, para \u00abmantener el equilibrio\u00bb y para defender a la poblaci\u00f3n civil. Lo que nos cuenta la historia es lo contrario: la acumulaci\u00f3n de armamento no previene la guerra, la invita. Cada nuevo tanque, cada nuevo caza de combate, es una provocaci\u00f3n silenciosa que transforma la tensi\u00f3n en certeza de violencia. \u00bfC\u00f3mo podemos exigir desarme a los pueblos oprimidos mientras las f\u00e1bricas de armas compiten por modernizar y engrosar sus arsenales? \u00bfC\u00f3mo podemos pedir calma a las naciones en conflicto mientras sus vecinos son abastecidos por nuestras industrias? <strong>La seguridad de unos no puede basarse en la amenaza de muerte para otros.<\/strong><\/p>\n<p align=\"JUSTIFY\">Detr\u00e1s de cada contrato de venta de armas hay un nombre borrado. Hay un ni\u00f1o que no crecer\u00e1, una escuela convertida en escombros, un hospital sin electricidad. El lucro obtenido en las bolsas de valores de occidente se paga con sangre en los suelos de Oriente Medio, de \u00c1frica, de Europa del este. Normalizar la industria armament\u00edstica es normalizar la muerte como un producto de consumo. <strong>Es aceptar que hay vidas que valen menos que los dividendos de un accionista.<\/strong><\/p>\n<p align=\"JUSTIFY\">Por eso en CNT no creemos en las palabras vac\u00edas que quienes ostentan el poder e indirectamente se lucran de el miserable, t\u00e9trico, morboso negocio de la muerte. Y, si de verdad desean ser cre\u00eddos, deben darnos explicaciones y con transparencia total y, de esa manera, nos digan d\u00f3nde se encuentra cada arma fabricada en las distintas plantas de producci\u00f3n armament\u00edstica de Espa\u00f1a. Ya que cada una fue vendida a una determinada naci\u00f3n, no deber\u00eda ser dif\u00edcil rastrear su camino desde que sali\u00f3 de la l\u00ednea de montaje y saber cu\u00e1ntas de ellas hoy est\u00e1n siendo empleadas en un conflicto armado, cu\u00e1ntas son empu\u00f1adas por un ni\u00f1o soldado en \u00c1frica para masacrar a otros ni\u00f1os de otra etnia o religi\u00f3n. Pero para el futuro, si desean nuestro apoyo, si es sincero su deseo de paz, su oposici\u00f3n a las guerras, <strong>que cada venta de armamento sea debatida p\u00fablicamente y sometida a escrutinio \u00e9tico, no solo estrat\u00e9gico.<\/strong><\/p>\n<p align=\"JUSTIFY\">Y no nos quedaremos ah\u00ed, porque, si de verdad estamos en contra de la guerra, es necesario que se desarrolle una reconversi\u00f3n Industrial que obligue a que la ingenier\u00eda y los recursos destinados a crear muerte sean redirigidos urgentemente a crear vida: energ\u00eda limpia, medicina, infraestructuras y educaci\u00f3n. <strong>Un ingeniero capaz de dise\u00f1ar un sistema de guiado de misiles es capaz de dise\u00f1ar sistemas de riego para combatir el hambre.<\/strong><\/p>\n<p align=\"JUSTIFY\">Y desde este mismo instante esos mismos dirigentes que nos hacen salir a la calle a su conveniencia deber\u00edan emprender un embargo \u00e9tico, la prohibici\u00f3n inmediata de venta de armas a cualquier r\u00e9gimen o grupo que viole derechos humanos o est\u00e9 involucrado en conflictos activos. A poner fin a esa ret\u00f3rica hip\u00f3crita que muestran los l\u00edderes pol\u00edticuchos de esa instituciones p\u00fatridas que son los llamados partidos pol\u00edticos. Y dejen de usar la palabra \u00abPaz\u00bb mientras firman presupuestos de \u00abDefensa\u00bb que superan las necesidades reales de protecci\u00f3n ciudadana. <strong>No hay \u00abclientes\u00bb leg\u00edtimos para la muerte.<\/strong><\/p>\n<p align=\"JUSTIFY\">La paz no es la ausencia de guerra mientras se mantienen los almacenes llenos de bombas. <strong>La paz es la ausencia de la capacidad y la intenci\u00f3n de hacer la guerra.<\/strong><\/p>\n<p align=\"JUSTIFY\">No queremos un mundo donde los ni\u00f1os aprendan a esconderse de las bombas; queremos un mundo donde las f\u00e1bricas de bombas se conviertan en escuelas. <strong>Dejemos de ser c\u00f3mplices por omisi\u00f3n. Dejemos de financiar nuestra propia destrucci\u00f3n.<\/strong><\/p>\n<p align=\"CENTER\"><strong><span style=\"font-size: medium;\">Porque no se puede sembrar hierro y esperar cosechar flores.<\/span><\/strong><\/p>\n<p align=\"CENTER\"><strong><span style=\"font-size: medium;\">\u00a1Basta de comercio con la muerte! \u00a1Viva la vida sin armas!<\/span><\/strong><\/p>\n","protected":false},"excerpt":{"rendered":"<div class=\"mh-excerpt\"><p>Porque no es solamente la guerra que plantearon los Estados sionistas de Estados Unidos e Israel contra Ir\u00e1n recientemente. En el mundo actualmente se desarrollan <a class=\"mh-excerpt-more\" href=\"https:\/\/oviedo.cnt.es\/index.php\/2026\/04\/28\/el-no-a-las-guerras-cnt\/\" title=\"EL \u201cNO A LAS GUERRAS\u201d &#8211; CNT\">[&#8230;]<\/a><\/p>\n<\/div>","protected":false},"author":1,"featured_media":505,"comment_status":"open","ping_status":"open","sticky":false,"template":"","format":"standard","meta":{"footnotes":""},"categories":[16],"tags":[121],"class_list":["post-501","post","type-post","status-publish","format-standard","has-post-thumbnail","hentry","category-comunicado","tag-no-a-la-guerra"],"_links":{"self":[{"href":"https:\/\/oviedo.cnt.es\/index.php\/wp-json\/wp\/v2\/posts\/501","targetHints":{"allow":["GET"]}}],"collection":[{"href":"https:\/\/oviedo.cnt.es\/index.php\/wp-json\/wp\/v2\/posts"}],"about":[{"href":"https:\/\/oviedo.cnt.es\/index.php\/wp-json\/wp\/v2\/types\/post"}],"author":[{"embeddable":true,"href":"https:\/\/oviedo.cnt.es\/index.php\/wp-json\/wp\/v2\/users\/1"}],"replies":[{"embeddable":true,"href":"https:\/\/oviedo.cnt.es\/index.php\/wp-json\/wp\/v2\/comments?post=501"}],"version-history":[{"count":4,"href":"https:\/\/oviedo.cnt.es\/index.php\/wp-json\/wp\/v2\/posts\/501\/revisions"}],"predecessor-version":[{"id":506,"href":"https:\/\/oviedo.cnt.es\/index.php\/wp-json\/wp\/v2\/posts\/501\/revisions\/506"}],"wp:featuredmedia":[{"embeddable":true,"href":"https:\/\/oviedo.cnt.es\/index.php\/wp-json\/wp\/v2\/media\/505"}],"wp:attachment":[{"href":"https:\/\/oviedo.cnt.es\/index.php\/wp-json\/wp\/v2\/media?parent=501"}],"wp:term":[{"taxonomy":"category","embeddable":true,"href":"https:\/\/oviedo.cnt.es\/index.php\/wp-json\/wp\/v2\/categories?post=501"},{"taxonomy":"post_tag","embeddable":true,"href":"https:\/\/oviedo.cnt.es\/index.php\/wp-json\/wp\/v2\/tags?post=501"}],"curies":[{"name":"wp","href":"https:\/\/api.w.org\/{rel}","templated":true}]}}